{"id":33874,"date":"2026-08-30T11:43:39","date_gmt":"2026-08-30T09:43:39","guid":{"rendered":"https:\/\/hotellerie-franciscaine.ch\/?post_type=blog&#038;p=33874"},"modified":"2026-08-30T11:48:01","modified_gmt":"2026-08-30T09:48:01","slug":"lagenda-de-septembre-2026-a-saint-maurice","status":"publish","type":"blog","link":"https:\/\/hotellerie-franciscaine.ch\/de\/blog\/lagenda-de-septembre-2026-a-saint-maurice\/","title":{"rendered":"L&rsquo;Agenda de Septembre 2026 \u00e0 Saint-Maurice"},"content":{"rendered":"<figure class=\"wp-block-image size-large\"><img fetchpriority=\"high\" decoding=\"async\" width=\"819\" height=\"1024\" src=\"https:\/\/hotellerie-franciscaine.ch\/wp-content\/uploads\/2026\/08\/Affiche-Lucky-Luke-Chateau-St-Maurice-Basse-def-819x1024.jpg\" alt=\"\" class=\"wp-image-33875\" srcset=\"https:\/\/hotellerie-franciscaine.ch\/wp-content\/uploads\/2026\/08\/Affiche-Lucky-Luke-Chateau-St-Maurice-Basse-def-819x1024.jpg 819w, https:\/\/hotellerie-franciscaine.ch\/wp-content\/uploads\/2026\/08\/Affiche-Lucky-Luke-Chateau-St-Maurice-Basse-def-240x300.jpg 240w, https:\/\/hotellerie-franciscaine.ch\/wp-content\/uploads\/2026\/08\/Affiche-Lucky-Luke-Chateau-St-Maurice-Basse-def-768x960.jpg 768w, https:\/\/hotellerie-franciscaine.ch\/wp-content\/uploads\/2026\/08\/Affiche-Lucky-Luke-Chateau-St-Maurice-Basse-def-10x12.jpg 10w, https:\/\/hotellerie-franciscaine.ch\/wp-content\/uploads\/2026\/08\/Affiche-Lucky-Luke-Chateau-St-Maurice-Basse-def.jpg 1080w\" sizes=\"(max-width: 819px) 100vw, 819px\" \/><\/figure>\n\n\n\n<p class=\"wp-block-paragraph\">Le mois de septembre marque le retour d&rsquo;une saison douce et chaleureuse en Valais. La cit\u00e9 d&rsquo;Agaune s&rsquo;anime \u00e0 travers une programmation culturelle, patrimoniale et spirituelle riche. L&rsquo;H\u00f4tellerie Franciscaine rassemble les rendez-vous phares de l&rsquo;agenda de l&rsquo;Office du Tourisme de Saint-Maurice pour rythmer les s\u00e9jours au mois de septembre 2026.<\/p>\n\n\n\n<p class=\"wp-block-paragraph\"><strong>Temps forts spirituels et traditions<\/strong><\/p>\n\n\n\n<ul class=\"wp-block-list\">\n<li><strong>12-13 septembre<\/strong> : <em>Journ\u00e9es europ\u00e9ennes du patrimoine<\/em> \u00e0 l&rsquo;Abbaye de Saint-Maurice, pour red\u00e9couvrir ce joyau historique sous un nouvel \u00e9clairage.<\/li>\n\n\n\n<li><strong>20 au 22 septembre<\/strong> : <em>14e March\u00e9 monastique<\/em> (Jardin de la Tuilerie et Place Val-de-Marne). Durant trois jours, d\u00e9couvrez l&rsquo;artisanat monastique, les produits du terroir, la gastronomie, des animations familiales et des concerts.<\/li>\n\n\n\n<li><strong>22 septembre<\/strong> : <em>F\u00eate de la Saint-Maurice et de ses compagnons<\/em>. Journ\u00e9e solennelle \u00e0 la Basilique comprenant la messe au tombeau (07h00), la messe pontificale suivie de la procession des reliques dans la ville (09h30) et la c\u00e9l\u00e9bration des V\u00eapres (16h00).<\/li>\n\n\n\n<li><strong>30 septembre<\/strong> : <em>P\u00e8lerinage d&rsquo;un jour<\/em> au d\u00e9part de la gare de Saint-Maurice.<\/li>\n<\/ul>\n\n\n\n<p class=\"wp-block-paragraph\"><strong>Expositions et patrimoine<\/strong><\/p>\n\n\n\n<ul class=\"wp-block-list\">\n<li><strong>Du 5 septembre au 9 octobre<\/strong> : Exposition de Yannick Bonvin Rey, <em>Feuilles et gravats<\/em>, \u00e0 la Galerie OBLIQUE (Vernissage commun d&rsquo;automne le 5 septembre avec l&rsquo;Espace ContreContre et l&rsquo;Office du tourisme).<\/li>\n\n\n\n<li><strong>Tous les samedis de septembre (5, 12, 19, 26)<\/strong> : <em>Visites guid\u00e9es du Fort de Dailly<\/em> (Lavey-Morcles), plong\u00e9e fascinante au c\u0153ur des fortifications militaires alpines.<\/li>\n\n\n\n<li><strong>Jusqu&rsquo;au 31 octobre<\/strong> : Expositions <em>Les ateliers de Janeb\u00e9<\/em> (Fondation Ateliers d&rsquo;Artiste) et <em>Lettres fronti\u00e8re<\/em> (M\u00e9diath\u00e8que Valais).<\/li>\n<\/ul>\n\n\n\n<p class=\"wp-block-paragraph\"><strong>Spectacles, musique et arts vivants<\/strong><\/p>\n\n\n\n<ul class=\"wp-block-list\">\n<li><strong>3 au 6, 10-11 et 13 septembre<\/strong> : Th\u00e9\u00e2tre <em>Le bourru bienfaisant<\/em> au Th\u00e9\u00e2tre du D\u00e9.<\/li>\n\n\n\n<li><strong>18 au 20 septembre<\/strong> : Ev\u00e9nement pluridisciplinaire <em>dialog#aquatiques<\/em> combinant installations (<em>M\u00e9moires de l&rsquo;eau<\/em>), tables rondes, lectures musicales, le spectacle de th\u00e9\u00e2tre visuel <em>La temp\u00eate<\/em> (19 sept.) et le conte musical <em>El Dorado<\/em> (20 sept.).<\/li>\n\n\n\n<li><strong>25 septembre au 1er octobre<\/strong> : Pi\u00e8ce th\u00e9\u00e2trale <em>Hyper<\/em> d&rsquo;Anthony Crettex au Th\u00e9\u00e2tre du D\u00e9.<\/li>\n\n\n\n<li><strong>26 septembre<\/strong> : Concert <em>D-Fender + Omega 5<\/em> au Manoir Pub.<\/li>\n<\/ul>\n\n\n\n<p class=\"wp-block-paragraph\"><strong>Rencontres, loisirs et convivialit\u00e9<\/strong><\/p>\n\n\n\n<ul class=\"wp-block-list\">\n<li><strong>3 septembre<\/strong> : Atelier d\u00e9couverte (danse improvis\u00e9e, \u00e9criture en libert\u00e9, musique improvis\u00e9e) \u00e0 l&rsquo;Espace parall\u00e8le.<\/li>\n\n\n\n<li><strong>4 septembre<\/strong> : <em>Silent Party<\/em> au cadre relaxant des Bains de Lavey.<\/li>\n\n\n\n<li><strong>11 septembre<\/strong> : <em>Cin\u00e9ma en plein air<\/em> au terrain de football de Lavey.<\/li>\n\n\n\n<li><strong>12 septembre<\/strong> : \u00c9v\u00e9nement <em>Par Monts et Patois<\/em> au d\u00e9part de la gare.<\/li>\n\n\n\n<li><strong>23 septembre<\/strong> : Soir\u00e9e <em>Accord vins &amp; po\u00e9sie<\/em> \u00e0 la M\u00e9diath\u00e8que Valais.<\/li>\n\n\n\n<li><strong>24 septembre<\/strong> : Rencontre litt\u00e9raire <em>L&rsquo;abbaye des livres<\/em> \u00e0 la Maison Panisset.<\/li>\n\n\n\n<li><strong>26-27 septembre<\/strong> : <em>Tournoi de p\u00e9tanque<\/em> au Boulodrome.<\/li>\n<\/ul>\n\n\n\n<p class=\"wp-block-paragraph\"><\/p>\n\n\n\n<p class=\"wp-block-paragraph\">Retrouvez l&rsquo;agenda de St-Maurice ici : <a href=\"https:\/\/www.saint-maurice.ch\/tourisme\/agenda-manifestations-27.html\">https:\/\/www.saint-maurice.ch\/tourisme\/agenda-manifestations-27.html<\/a><\/p>\n\n\n\n<p class=\"wp-block-paragraph\">De la qui\u00e9tude de l&rsquo;Abbaye aux all\u00e9es vivantes du March\u00e9 monastique, septembre propose un \u00e9quilibre parfait entre ressourcement et d\u00e9couvertes. Toute l&rsquo;\u00e9quipe de l&rsquo;H\u00f4tellerie Franciscaine se tient \u00e0 disposition \u00e0 la r\u00e9ception pour conseiller et guider les h\u00f4tes tout au long de leur s\u00e9jour.<\/p>\n\n\n\n<p class=\"wp-block-paragraph\"><\/p>","protected":false},"author":3,"featured_media":33876,"template":"","class_list":["post-33874","blog","type-blog","status-publish","has-post-thumbnail","hentry"],"_links":{"self":[{"href":"https:\/\/hotellerie-franciscaine.ch\/de\/wp-json\/wp\/v2\/blog\/33874","targetHints":{"allow":["GET"]}}],"collection":[{"href":"https:\/\/hotellerie-franciscaine.ch\/de\/wp-json\/wp\/v2\/blog"}],"about":[{"href":"https:\/\/hotellerie-franciscaine.ch\/de\/wp-json\/wp\/v2\/types\/blog"}],"author":[{"embeddable":true,"href":"https:\/\/hotellerie-franciscaine.ch\/de\/wp-json\/wp\/v2\/users\/3"}],"wp:featuredmedia":[{"embeddable":true,"href":"https:\/\/hotellerie-franciscaine.ch\/de\/wp-json\/wp\/v2\/media\/33876"}],"wp:attachment":[{"href":"https:\/\/hotellerie-franciscaine.ch\/de\/wp-json\/wp\/v2\/media?parent=33874"}],"curies":[{"name":"wp","href":"https:\/\/api.w.org\/{rel}","templated":true}]}}